{"id":93,"date":"2015-03-11T12:38:00","date_gmt":"2015-03-11T16:38:00","guid":{"rendered":"https:\/\/www.cssk.ca\/new\/?p=93"},"modified":"2025-03-16T12:39:46","modified_gmt":"2025-03-16T16:39:46","slug":"ceska-skola-v-calgary","status":"publish","type":"post","link":"https:\/\/www.cssk.ca\/sk\/ceska-skola-v-calgary-93\/","title":{"rendered":"\u010cesk\u00e1 \u0161kola v Calgary"},"content":{"rendered":"\n<p>Po 25 letech a n\u011bkolika m\u011bs\u00edc\u00edch intenzivn\u00edch p\u0159\u00edprav se d\u011bti z \u010desk\u00fdch a sm\u00ed\u0161en\u00fdch rodin \u017eij\u00edc\u00edch v Calgary mohou op\u011bt u\u010dit \u010desky. Sch\u00e1zej\u00ed se ka\u017edou sobotu a z\u00e1bavnou formou se pod veden\u00edm zku\u0161en\u00fdch u\u010ditelek u\u010d\u00ed ps\u00e1t, mluvit a \u010d\u00edst v \u010desk\u00e9m jazyce. V\u00fduka je zasazena do kontextu \u010desk\u00e9 kultury, historie a zem\u011bpisu. \u0160kola vznikla jako neziskov\u00e1 organizace z iniciativy \u010desk\u00fdch rodi\u010d\u016f \u017eij\u00edc\u00edch v Calgary.<\/p>\n\n\n\n<p>Sou\u010d\u00e1st\u00ed \u010cesk\u00e9 \u0161koly je tak\u00e9 d\u011btsk\u00fd klub Kulihr\u00e1\u0161ek, kter\u00fd je m\u00edstem setk\u00e1v\u00e1n\u00ed \u010desk\u00fdch a slovensk\u00fdch d\u011bt\u00ed do p\u011bti let a jejich rodi\u010d\u016f. Minul\u00fd rok jsme tak\u00e9 organizovali velmi \u00fasp\u011b\u0161nou mikul\u00e1\u0161skou bes\u00eddku, na kter\u00e9 se se\u0161lo t\u00e9m\u011b\u0159 dv\u011b st\u011b d\u011bt\u00ed a dosp\u011bl\u00fdch. Z iniciativy na\u0161ich dobrovoln\u00edk\u016f postupn\u011b p\u0159ib\u00fdvaj\u00ed i dal\u0161\u00ed aktivity, jako je v\u00fduka \u010de\u0161tiny pro dosp\u011bl\u00e9 nebo krou\u017eek dramatick\u00e9 v\u00fdchovy Ka\u0161p\u00e1rek. Ned\u00e1vno jsme tak\u00e9 otev\u0159eli knihovnu, v n\u00ed\u017e najdete ji\u017e p\u0159es sto pades\u00e1t \u010desk\u00fdch titul\u016f. Letos se n\u00e1m poda\u0159ilo sdru\u017eit v\u0161echny na\u0161e aktivity pod jednu st\u0159echu m\u00edstn\u00edho komunitn\u00edho centra (The Village, 4039 Brentwood Rd\u00a0NW, Calgary) a \u010cesk\u00e1 \u0161kola v Calgary se tak st\u00e1v\u00e1 v\u00fdznamn\u00fdm m\u00edstem rozvoje \u010desk\u00e9 kultury a p\u0159\u00edjemn\u00fdm m\u00edstem pro setk\u00e1v\u00e1n\u00ed \u010desk\u00fdch krajan\u016f a p\u0159\u00e1tel \u010cesk\u00e9 republiky.<\/p>\n\n\n\n<p>Sna\u017e\u00edme se udr\u017eovat kontakt i s kulturn\u00edm d\u011bn\u00edm p\u0159\u00edmo v \u010cech\u00e1ch a aktu\u00e1ln\u011b jsme se nap\u0159\u00edklad zapojili do akce \u201cObecn\u00e1 \u0161kola k narozenin\u00e1m Zde\u0148ku Sv\u011br\u00e1kovi\u201d. 28. b\u0159ezna budeme prom\u00edtat Obecnou \u0161kolu v\u0161em p\u0159\u00edznivc\u016fm tohoto filmu a tohoto \u010desk\u00e9ho herce a sc\u00e9n\u00e1risty. Zden\u011bk Sv\u011br\u00e1k oslav\u00ed pr\u00e1v\u011b 28.b\u0159ezna sv\u00e9 80. narozeniny a jeho syn Jan mu jako d\u00e1rek p\u0159ipravil remasterovanou (technicky vylep\u0161enou) podobu Obecn\u00e9 \u0161koly. Film se bude ten den prom\u00edtat nejen v mnoha \u010desk\u00fdch kinech, ale tak\u00e9 v \u010desk\u00fdch komunit\u00e1ch na pades\u00e1ti m\u00edstech na sv\u011bt\u011b. My v Calgary jsme se rozhodli p\u0159idat.<br>Ve\u0161kerou \u010dinnost financujeme ze \u0161koln\u00e9ho na\u0161ich student\u016f, z dar\u016f jednotlivc\u016f a organizac\u00ed a rovn\u011b\u017e prost\u0159ednictv\u00edm nejr\u016fzn\u011bj\u0161\u00edch fundraisingov\u00fdch akc\u00ed, jako byl nap\u0159\u00edklad sb\u011br vratn\u00fdch lahv\u00ed nebo prodej pe\u010diva, kter\u00e9 napekly na\u0161e dobrovolnice.<\/p>\n\n\n\n<p>Nakonec je\u0161t\u011b p\u00e1r \u010d\u00edsel. Ve \u0161kole je registrov\u00e1no patn\u00e1ct d\u011bt\u00ed ve v\u011bku od p\u011bti do dvan\u00e1cti let a p\u011bt dosp\u011bl\u00fdch. Kulihr\u00e1\u0161ek nav\u0161t\u011bvuje t\u0159in\u00e1ct p\u0159ed\u0161kol\u00e1k\u016f a o Ka\u0161p\u00e1rek projevila z\u00e1jem \u010dty\u0159i d\u011bv\u010d\u00e1tka. Ve v\u00fdboru je osm osob, m\u00e1me jednu knihovnici a p\u0159\u00edle\u017eitostn\u011b n\u00e1m pom\u00e1h\u00e1 dal\u0161\u00edch p\u011bt dobrovoln\u00edk\u016f.<br>Pokud byste se o n\u00e1s cht\u011bli dozv\u011bd\u011bt n\u011bco v\u00edce, m\u011bli z\u00e1jem se zapojit nebo n\u00e1s mohli podpo\u0159it, a to jak finan\u010dn\u011b, tak materi\u00e1ln\u011b, sledujte na\u0161e facebookov\u00e9 str\u00e1nky \u010cesk\u00e1 \u0161kola v Calgary nebo se p\u0159\u00edmo obra\u0165te na Marcelu Tucker (marcela.tucker60@gmail.com).<\/p>\n\n\n\n<p>P\u0159ipravila Andrea Mele<\/p>\n","protected":false},"excerpt":{"rendered":"<p>Po 25 letech a n\u011bkolika m\u011bs\u00edc\u00edch intenzivn\u00edch p\u0159\u00edprav se d\u011bti z \u010desk\u00fdch a sm\u00ed\u0161en\u00fdch rodin \u017eij\u00edc\u00edch v Calgary mohou op\u011bt u\u010dit \u010desky. Sch\u00e1zej\u00ed se ka\u017edou sobotu a z\u00e1bavnou formou se pod veden\u00edm zku\u0161en\u00fdch u\u010ditelek u\u010d\u00ed ps\u00e1t, mluvit a \u010d\u00edst v \u010desk\u00e9m jazyce. V\u00fduka je zasazena do kontextu \u010desk\u00e9 kultury, historie a zem\u011bpisu. \u0160kola vznikla jako [&hellip;]<\/p>\n","protected":false},"author":2,"featured_media":71,"comment_status":"closed","ping_status":"closed","sticky":false,"template":"","format":"standard","meta":{"footnotes":""},"tags":[],"class_list":["post-93","post","type-post","status-publish","format-standard","has-post-thumbnail","hentry","branch-calgary"],"_links":{"self":[{"href":"https:\/\/www.cssk.ca\/sk\/wp-json\/wp\/v2\/posts\/93","targetHints":{"allow":["GET"]}}],"collection":[{"href":"https:\/\/www.cssk.ca\/sk\/wp-json\/wp\/v2\/posts"}],"about":[{"href":"https:\/\/www.cssk.ca\/sk\/wp-json\/wp\/v2\/types\/post"}],"author":[{"embeddable":true,"href":"https:\/\/www.cssk.ca\/sk\/wp-json\/wp\/v2\/users\/2"}],"replies":[{"embeddable":true,"href":"https:\/\/www.cssk.ca\/sk\/wp-json\/wp\/v2\/comments?post=93"}],"version-history":[{"count":1,"href":"https:\/\/www.cssk.ca\/sk\/wp-json\/wp\/v2\/posts\/93\/revisions"}],"predecessor-version":[{"id":94,"href":"https:\/\/www.cssk.ca\/sk\/wp-json\/wp\/v2\/posts\/93\/revisions\/94"}],"wp:featuredmedia":[{"embeddable":true,"href":"https:\/\/www.cssk.ca\/sk\/wp-json\/wp\/v2\/media\/71"}],"wp:attachment":[{"href":"https:\/\/www.cssk.ca\/sk\/wp-json\/wp\/v2\/media?parent=93"}],"wp:term":[{"taxonomy":"post_tag","embeddable":true,"href":"https:\/\/www.cssk.ca\/sk\/wp-json\/wp\/v2\/tags?post=93"}],"curies":[{"name":"wp","href":"https:\/\/api.w.org\/{rel}","templated":true}]}}