{"id":136,"date":"2019-10-24T13:39:00","date_gmt":"2019-10-24T17:39:00","guid":{"rendered":"https:\/\/www.cssk.ca\/new\/?p=136"},"modified":"2025-03-16T13:41:08","modified_gmt":"2025-03-16T17:41:08","slug":"odpoved-premiera-andreje-babise-a-komentar-k-dopisu","status":"publish","type":"post","link":"https:\/\/www.cssk.ca\/sk\/odpoved-premiera-andreje-babise-a-komentar-k-dopisu-136\/","title":{"rendered":"Odpov\u011b\u010f premi\u00e9ra Andreje Babi\u0161e a\u00a0koment\u00e1\u0159 k\u00a0dopisu"},"content":{"rendered":"\n<div class=\"wp-block-file\"><a id=\"wp-block-file--media-6b08c5c1-4399-453e-b8fe-ed6d7fa24801\" href=\"https:\/\/www.cssk.ca\/new\/wp-content\/uploads\/2025\/03\/Premier-Andrej-Babis-odpoved-14.10.2019.pdf\">Odpov\u011b\u010f premi\u00e9ra Andreje Babi\u0161e<\/a><\/div>\n\n\n\n<p><strong>Koment\u00e1\u0159 k dopisu<\/strong><\/p>\n\n\n\n<p>Odpov\u00eddat na dopis premi\u00e9ra ji\u017e nebudeme, ale p\u0159ikl\u00e1d\u00e1m n\u011bkolik pozn\u00e1mek k t\u00e9to odpov\u011bdi:<\/p>\n\n\n\n<p>Poru\u0161ov\u00e1n\u00ed mand\u00e1tu a neetick\u00e9ho chov\u00e1n\u00ed vl\u00e1dy je demonstrov\u00e1no ve Sn\u011bmovn\u011b napad\u00e1n\u00edm poslanc\u016f, vulgaritama, kter\u00fdmi se vyjad\u0159uje&nbsp; velmi \u010dasto p\u0159edseda vl\u00e1dy, kter\u00fd je p\u0159edm\u011btem korup\u010dn\u00edch skand\u00e1l\u016f. V z\u00e1padn\u00edch demokratick\u00fdch zem\u00edch by takov\u00fd poslanec byl napomenut a musel by se omluvit nebo by byl vylou\u010den z jedn\u00e1n\u00ed Sn\u011bmovny.<\/p>\n\n\n\n<p>Vy\u0159izov\u00e1n\u00ed soudn\u00edch spor\u016f je mnohdy nesm\u00edrn\u011b nejen dlouh\u00e9, ale tak\u00e9 nespravedliv\u00e9, viz nap\u0159. mnohalet\u00fd spor Altner vs. \u010cSSD nebo prezident M. Zeman vs. vnu\u010dka F. Peroutky, a mnoho dal\u0161\u00edch, kter\u00e9 pro \u017ealobce skon\u010dilo nespravedliv\u00fdm rozhodnut\u00edm.<\/p>\n\n\n\n<p>Nevl\u00e1dn\u00ed podpora KS\u010cM je nejen hanebn\u00e1 pro vedouc\u00ed hnut\u00ed, ale kterou by ka\u017ed\u00fd slu\u0161n\u00fd politick\u00fd subjekt m\u011bl odm\u00edtnout.&nbsp;P\u0159izvat KS\u010cM jako nevl\u00e1dn\u00ed podporu u A. Babi\u0161e nen\u00ed p\u0159ekvapiv\u00e9 vzhledem k jeho b\u00fdval\u00e9 dlouholet\u00e9 p\u0159\u00edslu\u0161nosti ke KS\u010c a tak\u00e9 slovensk\u00fdm \u00dastavn\u00edm soudem potvrzen\u00e9 spolupr\u00e1ci s StB.<\/p>\n\n\n\n<p>Dota\u010dn\u00ed podpora Agrofertu Evropskou uni\u00ed byla zru\u0161ena a bude vym\u00e1h\u00e1na zp\u011btn\u011b. Eticky chovaj\u00edc\u00ed se ministr financ\u00ed by nikdy nem\u011bl souhlasit s da\u0148ov\u00fdm \u00fanikem rozd\u011blen\u00edm sv\u00fdch milionov\u00fdch hodnot na bezda\u0148ov\u00e9 korunov\u00e9 \u010d\u00e1stky, a takov\u00e9 na\u0159\u00edzen\u00ed by m\u011bl zm\u011bnit. Je t\u0159eba zm\u00ednit tak\u00e9 zni\u010den\u00ed mnoha podnikatel\u016f firmama A. Babi\u0161e, kter\u00e9 p\u0159evzaly jejich majetky. St\u00e1tn\u00ed zastupitel rozhodl p\u0159\u00edpad \u010cap\u00ed hn\u00edzdo jako beztrestn\u00fd, ale mor\u00e1ln\u011b \u0161patn\u00fd.<\/p>\n\n\n\n<p>\u010clenov\u00e9 \u010cesk\u00e9ho a Slovensk\u00e9ho sdru\u017een\u00ed v Kanad\u011b zaregistrovali z\u00e1kon proti osob\u011b Andreje Babi\u0161e tzv. lex Babi\u0161, kdy majetek Andreje Babi\u0161e je spravov\u00e1n spolupracovn\u00edky premi\u00e9ra a v realit\u011b je st\u00e1le jeho majetkem a je j\u00edm v z\u00e1kulis\u00ed \u0159\u00edzen. Vytvo\u0159en\u00ed medi\u00e1ln\u00edho domu&nbsp;MAFRA&nbsp;bylo \u00fa\u010delov\u011b vytvo\u0159eno jako medi\u00e1ln\u00ed a propaga\u010dn\u00ed podpora pozd\u011bj\u0161\u00edho politick\u00e9ho anga\u017em\u00e1 A. Babi\u0161e a jeho hnut\u00ed.<\/p>\n\n\n\n<p>\u010cesk\u00e1 republika prosperuje s velk\u00fdm vl\u00e1dn\u00edm dluhem a je z\u00e1sluhou zahrani\u010dn\u00edch investic a kvalifikovan\u00e9 pr\u00e1ce \u010desk\u00fdch profesion\u00e1l\u016f, obdobn\u011b jako v ostatn\u00edch evropsk\u00fdch a zaoce\u00e1nsk\u00fdch zem\u00edch. Blahobyt \u010cesk\u00e9 republiky nen\u00ed z\u00e1sluhou vl\u00e1dy, ale pracovitost\u00ed lid\u00ed v r\u016fzn\u00fdch odv\u011btv\u00edch \u010desk\u00e9ho pr\u016fmyslu a zem\u011bd\u011blstv\u00ed.<\/p>\n\n\n\n<p>Milo\u0161 \u0160uchma<\/p>\n","protected":false},"excerpt":{"rendered":"<p>Odpov\u011b\u010f premi\u00e9ra Andreje Babi\u0161e Koment\u00e1\u0159 k dopisu Odpov\u00eddat na dopis premi\u00e9ra ji\u017e nebudeme, ale p\u0159ikl\u00e1d\u00e1m n\u011bkolik pozn\u00e1mek k t\u00e9to odpov\u011bdi: Poru\u0161ov\u00e1n\u00ed mand\u00e1tu a neetick\u00e9ho chov\u00e1n\u00ed vl\u00e1dy je demonstrov\u00e1no ve Sn\u011bmovn\u011b napad\u00e1n\u00edm poslanc\u016f, vulgaritama, kter\u00fdmi se vyjad\u0159uje&nbsp; velmi \u010dasto p\u0159edseda vl\u00e1dy, kter\u00fd je p\u0159edm\u011btem korup\u010dn\u00edch skand\u00e1l\u016f. V z\u00e1padn\u00edch demokratick\u00fdch zem\u00edch by takov\u00fd poslanec byl napomenut a [&hellip;]<\/p>\n","protected":false},"author":2,"featured_media":0,"comment_status":"closed","ping_status":"closed","sticky":false,"template":"","format":"standard","meta":{"footnotes":""},"tags":[],"class_list":["post-136","post","type-post","status-publish","format-standard","hentry","branch-national"],"_links":{"self":[{"href":"https:\/\/www.cssk.ca\/sk\/wp-json\/wp\/v2\/posts\/136","targetHints":{"allow":["GET"]}}],"collection":[{"href":"https:\/\/www.cssk.ca\/sk\/wp-json\/wp\/v2\/posts"}],"about":[{"href":"https:\/\/www.cssk.ca\/sk\/wp-json\/wp\/v2\/types\/post"}],"author":[{"embeddable":true,"href":"https:\/\/www.cssk.ca\/sk\/wp-json\/wp\/v2\/users\/2"}],"replies":[{"embeddable":true,"href":"https:\/\/www.cssk.ca\/sk\/wp-json\/wp\/v2\/comments?post=136"}],"version-history":[{"count":1,"href":"https:\/\/www.cssk.ca\/sk\/wp-json\/wp\/v2\/posts\/136\/revisions"}],"predecessor-version":[{"id":138,"href":"https:\/\/www.cssk.ca\/sk\/wp-json\/wp\/v2\/posts\/136\/revisions\/138"}],"wp:attachment":[{"href":"https:\/\/www.cssk.ca\/sk\/wp-json\/wp\/v2\/media?parent=136"}],"wp:term":[{"taxonomy":"post_tag","embeddable":true,"href":"https:\/\/www.cssk.ca\/sk\/wp-json\/wp\/v2\/tags?post=136"}],"curies":[{"name":"wp","href":"https:\/\/api.w.org\/{rel}","templated":true}]}}