{"id":147,"date":"2017-02-28T13:55:00","date_gmt":"2017-02-28T18:55:00","guid":{"rendered":"https:\/\/www.cssk.ca\/new\/?p=147"},"modified":"2025-03-16T13:56:27","modified_gmt":"2025-03-16T17:56:27","slug":"zprava-k-rezolucim-64-kongresu-cssk","status":"publish","type":"post","link":"https:\/\/www.cssk.ca\/cs\/zprava-k-rezolucim-64-kongresu-cssk-147\/","title":{"rendered":"Zpr\u00e1va k rezoluc\u00edm 64. kongresu \u010cSSK"},"content":{"rendered":"\n<p>Jako m\u00edstop\u0159edsedkyn\u011b \u00fast\u0159edn\u00edho v\u00fdboru \u010cSSK se domn\u00edv\u00e1m, \u017ee hlavn\u00ed n\u00e1pl\u0148 na\u0161eho sdru\u017een\u00ed by m\u011bla z\u016fstat politick\u00e1. Jsme jedin\u00e1 ofici\u00e1ln\u011b uzn\u00e1van\u00e1 \u010desk\u00e1 a slovensk\u00e1 politick\u00e1 organizace v Kanad\u011b, kter\u00e1 m\u00e1 dlouhodobou tradici a bohatou historii.<\/p>\n\n\n\n<p>Nav\u00edc vzhledem k neut\u011b\u0161en\u00e9 situaci v Evrop\u011b a zejm\u00e9na ve v\u00fdchodn\u00ed Evrop\u011b bychom se ztr\u00e1tou politick\u00e9ho kreditu p\u0159ipravili o mo\u017enost zasahovat do p\u0159\u00edpadn\u00fdch politick\u00fdch konflikt\u016f jako nap\u0159: pokud by v Evrop\u011b vypukla v\u00e1lka \u2014 co\u017e si pochopiteln\u011b nikdo nep\u0159eje \u2014 m\u016f\u017eeme pomoci p\u0159\u00edchodu uprchl\u00edk\u016f, jak se o to \u010cSSK zaslou\u017eilo ji\u017e v roce 1968.<\/p>\n\n\n\n<p>Mysl\u00edm si, \u017ee mlad\u00ed lid\u00e9 v na\u0161em sdru\u017een\u00ed, a\u010dkoliv m\u00e1m velikou \u00factu k jak\u00e9koliv jejich \u010dinnosti kulturn\u00ed i soci\u00e1ln\u00ed, podce\u0148uj\u00ed nebezpe\u010d\u00ed v sou\u010dasn\u00e9m politick\u00e9m sv\u011bt\u011b.<\/p>\n\n\n\n<p>D\u00e1le se domn\u00edv\u00e1m, \u017ee vyjad\u0159ovat svoje n\u00e1zory prost\u0159ednictv\u00edm rezoluc\u00ed ob\u011bma vl\u00e1d\u00e1m zem\u00ed, ve kter\u00fdch \u017eijeme a na kter\u00fdch n\u00e1m z\u00e1le\u017e\u00ed, je jenom spr\u00e1vn\u00e9. Souhlas\u00edm pln\u011b se zas\u00edl\u00e1n\u00edm rezoluc\u00ed z kongresu a anga\u017eov\u00e1n\u00ed se na\u0161\u00ed organizace ve v\u011bcech, kter\u00e9 se t\u00fdkaj\u00ed vl\u00e1dn\u00ed \u010dinnosti obou zem\u00ed. Se zn\u011bn\u00edm rezoluc\u00ed tak, jak byly odesl\u00e1ny letos, pln\u011b souhlas\u00edm.<\/p>\n\n\n\n<p>Pokud se n\u011bkter\u00e9 pobo\u010dky nec\u00edt\u00ed kompetentn\u00ed k vyjad\u0159ov\u00e1n\u00ed n\u00e1zoru na n\u011bkter\u00e9 v\u00fd\u0161e uveden\u00e9 v\u011bci, navrhovala bych, abychom na p\u0159\u00ed\u0161t\u00edm kongresu schv\u00e1lili, \u017ee se t\u00edmto probl\u00e9mem bude zab\u00fdvat jenom \u00fast\u0159ed\u00ed, proto\u017ee je stejn\u011b voleno \u0161irok\u00fdm pl\u00e9nem v\u0161ech z\u00e1stupc\u016f pobo\u010dek. T\u00edm by se mo\u017en\u00e1 i zjednodu\u0161il a zrychlil cel\u00fd proces, kdy\u017e je na n\u011bco pot\u0159eba rychle reagovat.<\/p>\n\n\n\n<p>Tento n\u00e1zor vyj\u00e1d\u0159ili i v\u0161ichni p\u0159\u00edtomni na na\u0161\u00ed minul\u00e9 sch\u016fzi&nbsp;UV.<\/p>\n\n\n\n<p><strong>Mark\u00e9ta Slep\u010d\u00edkov\u00e1,<\/strong><br><strong>druh\u00e1 m\u00edstop\u0159edsedkyn\u011b \u010cSSK<\/strong><\/p>\n","protected":false},"excerpt":{"rendered":"<p>Jako m\u00edstop\u0159edsedkyn\u011b \u00fast\u0159edn\u00edho v\u00fdboru \u010cSSK se domn\u00edv\u00e1m, \u017ee hlavn\u00ed n\u00e1pl\u0148 na\u0161eho sdru\u017een\u00ed by m\u011bla z\u016fstat politick\u00e1. Jsme jedin\u00e1 ofici\u00e1ln\u011b uzn\u00e1van\u00e1 \u010desk\u00e1 a slovensk\u00e1 politick\u00e1 organizace v Kanad\u011b, kter\u00e1 m\u00e1 dlouhodobou tradici a bohatou historii. Nav\u00edc vzhledem k neut\u011b\u0161en\u00e9 situaci v Evrop\u011b a zejm\u00e9na ve v\u00fdchodn\u00ed Evrop\u011b bychom se ztr\u00e1tou politick\u00e9ho kreditu p\u0159ipravili o mo\u017enost zasahovat [&hellip;]<\/p>\n","protected":false},"author":2,"featured_media":148,"comment_status":"closed","ping_status":"closed","sticky":false,"template":"","format":"standard","meta":{"footnotes":""},"tags":[],"class_list":["post-147","post","type-post","status-publish","format-standard","has-post-thumbnail","hentry","branch-national"],"_links":{"self":[{"href":"https:\/\/www.cssk.ca\/cs\/wp-json\/wp\/v2\/posts\/147","targetHints":{"allow":["GET"]}}],"collection":[{"href":"https:\/\/www.cssk.ca\/cs\/wp-json\/wp\/v2\/posts"}],"about":[{"href":"https:\/\/www.cssk.ca\/cs\/wp-json\/wp\/v2\/types\/post"}],"author":[{"embeddable":true,"href":"https:\/\/www.cssk.ca\/cs\/wp-json\/wp\/v2\/users\/2"}],"replies":[{"embeddable":true,"href":"https:\/\/www.cssk.ca\/cs\/wp-json\/wp\/v2\/comments?post=147"}],"version-history":[{"count":1,"href":"https:\/\/www.cssk.ca\/cs\/wp-json\/wp\/v2\/posts\/147\/revisions"}],"predecessor-version":[{"id":149,"href":"https:\/\/www.cssk.ca\/cs\/wp-json\/wp\/v2\/posts\/147\/revisions\/149"}],"wp:featuredmedia":[{"embeddable":true,"href":"https:\/\/www.cssk.ca\/cs\/wp-json\/wp\/v2\/media\/148"}],"wp:attachment":[{"href":"https:\/\/www.cssk.ca\/cs\/wp-json\/wp\/v2\/media?parent=147"}],"wp:term":[{"taxonomy":"post_tag","embeddable":true,"href":"https:\/\/www.cssk.ca\/cs\/wp-json\/wp\/v2\/tags?post=147"}],"curies":[{"name":"wp","href":"https:\/\/api.w.org\/{rel}","templated":true}]}}